{"id":9210,"date":"2026-03-02T10:00:52","date_gmt":"2026-03-02T10:00:52","guid":{"rendered":"https:\/\/colegioangol.cl\/New\/?p=9210"},"modified":"2026-04-17T14:48:14","modified_gmt":"2026-04-17T14:48:14","slug":"primer-dia-de-clases-2026","status":"publish","type":"post","link":"https:\/\/colegioangol.cl\/New\/primer-dia-de-clases-2026\/","title":{"rendered":"Primer D\u00eda de Clases 2026"},"content":{"rendered":"\n[et_pb_section fb_built=\u00bb1&#8243; theme_builder_area=\u00bbpost_content\u00bb _builder_version=\u00bb4.27.4&#8243; _module_preset=\u00bbdefault\u00bb][et_pb_row _builder_version=\u00bb4.27.4&#8243; _module_preset=\u00bbdefault\u00bb theme_builder_area=\u00bbpost_content\u00bb][et_pb_column _builder_version=\u00bb4.27.4&#8243; _module_preset=\u00bbdefault\u00bb type=\u00bb4_4&#8243; theme_builder_area=\u00bbpost_content\u00bb][et_pb_text _builder_version=\u00bb4.27.4&#8243; _module_preset=\u00bbdefault\u00bb theme_builder_area=\u00bbpost_content\u00bb hover_enabled=\u00bb0&#8243; sticky_enabled=\u00bb0&#8243;]<div class=\"xdj266r x14z9mp xat24cr x1lziwak x1vvkbs x126k92a\">\n<div dir=\"auto\">Con entusiasmo iniciamos este nuevo a\u00f1o escolar 2026 . Nuestros estudiantes vivieron un emotivo reencuentro, marcado por la alegr\u00eda y la motivaci\u00f3n para asumir nuevos desaf\u00edos .<\/div>\n<\/div>\n<div class=\"x14z9mp xat24cr x1lziwak x1vvkbs xtlvy1s x126k92a\">\n<div dir=\"auto\">Nuestra directora, Yoselyn Troncoso, destac\u00f3 la importancia de trabajar unidos, fortaleciendo el compromiso, el respeto y la colaboraci\u00f3n en nuestra comunidad educativa.<\/div>\n<div dir=\"auto\"><\/div>\n<\/div>\n<div class=\"x14z9mp xat24cr x1lziwak x1vvkbs xtlvy1s x126k92a\">\n<div dir=\"auto\">Desde hoy comienza la implementaci\u00f3n de la Ley 21.801, restringiendo el uso de celulares durante la jornada escolar para favorecer la concentraci\u00f3n, el aprendizaje y una sana convivencia.<\/div>\n<\/div>\n<div class=\"x14z9mp xat24cr x1lziwak x1vvkbs xtlvy1s x126k92a\">\n<div dir=\"auto\">Como novedad, de 7\u00b0 b\u00e1sico a II Medio se incorporar\u00e1 la codocencia en Matem\u00e1tica y Lenguaje, promoviendo mayores oportunidades de apoyo y aprendizaje.<\/div>\n<div dir=\"auto\"><\/div>\n<\/div>\n<div class=\"x14z9mp xat24cr x1lziwak x1vvkbs xtlvy1s x126k92a\">\n<div dir=\"auto\">Asimismo, se reforz\u00f3 la importancia de la asistencia, la responsabilidad en evaluaciones\u00a0y el respeto entre todos los miembros de la comunidad, recordando que siempre contar\u00e1n con el apoyo del equipo educativo.<\/div>\n<\/div>[\/et_pb_text][\/et_pb_column][\/et_pb_row][et_pb_row _builder_version=\u00bb4.27.4&#8243; _module_preset=\u00bbdefault\u00bb theme_builder_area=\u00bbpost_content\u00bb][et_pb_column _builder_version=\u00bb4.27.4&#8243; _module_preset=\u00bbdefault\u00bb type=\u00bb4_4&#8243; theme_builder_area=\u00bbpost_content\u00bb][et_pb_gallery _builder_version=\u00bb4.27.4&#8243; _module_preset=\u00bbdefault\u00bb theme_builder_area=\u00bbpost_content\u00bb gallery_ids=\u00bb9212,9213,9214,9215,9216,9217,9218,9220,9221,9222,9223,9224,9225,9226,9227,9228,9229,9230,9231&#8243; hover_enabled=\u00bb0&#8243; sticky_enabled=\u00bb0&#8243; show_title_and_caption=\u00bboff\u00bb][\/et_pb_gallery][\/et_pb_column][\/et_pb_row][\/et_pb_section]\n","protected":false},"excerpt":{"rendered":"<p>Con entusiasmo iniciamos este nuevo a\u00f1o escolar 2026 . Nuestros estudiantes vivieron un emotivo reencuentro, marcado por la alegr\u00eda y la motivaci\u00f3n para asumir nuevos desaf\u00edos . Nuestra directora, Yoselyn Troncoso, destac\u00f3 la importancia de trabajar unidos, fortaleciendo el compromiso, el respeto y la colaboraci\u00f3n en nuestra comunidad educativa. Desde hoy comienza la implementaci\u00f3n de [&hellip;]<\/p>\n","protected":false},"author":1,"featured_media":9231,"comment_status":"closed","ping_status":"closed","sticky":false,"template":"","format":"standard","meta":{"_et_pb_use_builder":"on","_et_pb_old_content":"","_et_gb_content_width":"","footnotes":""},"categories":[27],"tags":[],"class_list":["post-9210","post","type-post","status-publish","format-standard","has-post-thumbnail","hentry","category-general"],"_links":{"self":[{"href":"https:\/\/colegioangol.cl\/New\/wp-json\/wp\/v2\/posts\/9210","targetHints":{"allow":["GET"]}}],"collection":[{"href":"https:\/\/colegioangol.cl\/New\/wp-json\/wp\/v2\/posts"}],"about":[{"href":"https:\/\/colegioangol.cl\/New\/wp-json\/wp\/v2\/types\/post"}],"author":[{"embeddable":true,"href":"https:\/\/colegioangol.cl\/New\/wp-json\/wp\/v2\/users\/1"}],"replies":[{"embeddable":true,"href":"https:\/\/colegioangol.cl\/New\/wp-json\/wp\/v2\/comments?post=9210"}],"version-history":[{"count":5,"href":"https:\/\/colegioangol.cl\/New\/wp-json\/wp\/v2\/posts\/9210\/revisions"}],"predecessor-version":[{"id":9352,"href":"https:\/\/colegioangol.cl\/New\/wp-json\/wp\/v2\/posts\/9210\/revisions\/9352"}],"wp:featuredmedia":[{"embeddable":true,"href":"https:\/\/colegioangol.cl\/New\/wp-json\/wp\/v2\/media\/9231"}],"wp:attachment":[{"href":"https:\/\/colegioangol.cl\/New\/wp-json\/wp\/v2\/media?parent=9210"}],"wp:term":[{"taxonomy":"category","embeddable":true,"href":"https:\/\/colegioangol.cl\/New\/wp-json\/wp\/v2\/categories?post=9210"},{"taxonomy":"post_tag","embeddable":true,"href":"https:\/\/colegioangol.cl\/New\/wp-json\/wp\/v2\/tags?post=9210"}],"curies":[{"name":"wp","href":"https:\/\/api.w.org\/{rel}","templated":true}]}}