{"id":9003,"date":"2025-10-01T16:47:28","date_gmt":"2025-10-01T16:47:28","guid":{"rendered":"https:\/\/colegioangol.cl\/New\/?p=9003"},"modified":"2025-10-16T16:49:54","modified_gmt":"2025-10-16T16:49:54","slug":"unidos-por-la-musica","status":"publish","type":"post","link":"https:\/\/colegioangol.cl\/New\/unidos-por-la-musica\/","title":{"rendered":"Unidos por la M\u00fasica"},"content":{"rendered":"\n[et_pb_section fb_built=\u00bb1&#8243; theme_builder_area=\u00bbpost_content\u00bb _builder_version=\u00bb4.27.4&#8243; _module_preset=\u00bbdefault\u00bb][et_pb_row _builder_version=\u00bb4.27.4&#8243; _module_preset=\u00bbdefault\u00bb theme_builder_area=\u00bbpost_content\u00bb][et_pb_column _builder_version=\u00bb4.27.4&#8243; _module_preset=\u00bbdefault\u00bb type=\u00bb4_4&#8243; theme_builder_area=\u00bbpost_content\u00bb][et_pb_text _builder_version=\u00bb4.27.4&#8243; _module_preset=\u00bbdefault\u00bb theme_builder_area=\u00bbpost_content\u00bb hover_enabled=\u00bb0&#8243; sticky_enabled=\u00bb0&#8243;]<div class=\"xdj266r x14z9mp xat24cr x1lziwak x1vvkbs x126k92a\">\n<div dir=\"auto\">La Orquesta del Colegio B\u00e1sico Arag\u00f3n ofreci\u00f3 una gran presentaci\u00f3n en nuestro auditorio AVA, que fascin\u00f3 a todos los asistentes.\u00a0<\/div>\n<\/div>\n<div class=\"x14z9mp xat24cr x1lziwak x1vvkbs xtlvy1s x126k92a\">\n<div dir=\"auto\">Al evento acudieron el equipo directivo, parte de nuestra comunidad educativa, y la directora del Colegio B\u00e1sico Arag\u00f3n, Beatriz Medina Poblete, con el objetivo de compartir y disfrutar la m\u00fasica, un gusto que nuestros establecimientos tienen en com\u00fan.\u00a0<\/div>\n<\/div>\n<div class=\"x14z9mp xat24cr x1lziwak x1vvkbs xtlvy1s x126k92a\">\n<div dir=\"auto\">Durante la jornada, se pudo disfrutar de una gran variedad de instrumentos , y algunos de nuestros estudiantes compartieron escenario con la orquesta, viviendo una experiencia de aprendizaje y participaci\u00f3n musical.<\/div>\n<\/div>\n<div class=\"x14z9mp xat24cr x1lziwak x1vvkbs xtlvy1s x126k92a\">\n<div dir=\"auto\">Nuestra directora, Yoselyn Troncoso, destac\u00f3 la importancia de estas instancias, se\u00f1alando c\u00f3mo fortalecen la formaci\u00f3n integral de nuestros ni\u00f1os y j\u00f3venes, potenciando su creatividad, disciplina y sensibilidad art\u00edstica.\u00a0<\/div>\n<\/div>\n<div class=\"x14z9mp xat24cr x1lziwak x1vvkbs xtlvy1s x126k92a\">\n<div dir=\"auto\">Adem\u00e1s, reafirm\u00f3 el compromiso de generar m\u00e1s espacios como este, que promuevan el aprendizaje, la convivencia y el disfrute de la m\u00fasica en nuestra comunidad educativa.\u00a0<\/div>\n<\/div>\n<div class=\"x14z9mp xat24cr x1lziwak x1vvkbs xtlvy1s x126k92a\">\n<div dir=\"auto\"> Felicitamos a los docentes y monitores a cargo de esta presentaci\u00f3n, y a la Orquesta del Colegio B\u00e1sico Arag\u00f3n, por su gran esfuerzo y dedicaci\u00f3n, que hicieron posible esta maravillosa jornada musical.<\/div>\n<\/div>[\/et_pb_text][\/et_pb_column][\/et_pb_row][et_pb_row _builder_version=\u00bb4.27.4&#8243; _module_preset=\u00bbdefault\u00bb theme_builder_area=\u00bbpost_content\u00bb][et_pb_column _builder_version=\u00bb4.27.4&#8243; _module_preset=\u00bbdefault\u00bb type=\u00bb4_4&#8243; theme_builder_area=\u00bbpost_content\u00bb][et_pb_gallery _builder_version=\u00bb4.27.4&#8243; _module_preset=\u00bbdefault\u00bb theme_builder_area=\u00bbpost_content\u00bb gallery_ids=\u00bb9008,9009,9005,9006,9007,9010,9011&#8243; hover_enabled=\u00bb0&#8243; sticky_enabled=\u00bb0&#8243; show_title_and_caption=\u00bboff\u00bb][\/et_pb_gallery][\/et_pb_column][\/et_pb_row][\/et_pb_section]\n","protected":false},"excerpt":{"rendered":"<p>La Orquesta del Colegio B\u00e1sico Arag\u00f3n ofreci\u00f3 una gran presentaci\u00f3n en nuestro auditorio AVA, que fascin\u00f3 a todos los asistentes.\u00a0 Al evento acudieron el equipo directivo, parte de nuestra comunidad educativa, y la directora del Colegio B\u00e1sico Arag\u00f3n, Beatriz Medina Poblete, con el objetivo de compartir y disfrutar la m\u00fasica, un gusto que nuestros establecimientos [&hellip;]<\/p>\n","protected":false},"author":1,"featured_media":9008,"comment_status":"closed","ping_status":"closed","sticky":false,"template":"","format":"standard","meta":{"_et_pb_use_builder":"on","_et_pb_old_content":"","_et_gb_content_width":"","footnotes":""},"categories":[76,27,78],"tags":[],"class_list":["post-9003","post","type-post","status-publish","format-standard","has-post-thumbnail","hentry","category-academias","category-general","category-academias-academias-2"],"_links":{"self":[{"href":"https:\/\/colegioangol.cl\/New\/wp-json\/wp\/v2\/posts\/9003","targetHints":{"allow":["GET"]}}],"collection":[{"href":"https:\/\/colegioangol.cl\/New\/wp-json\/wp\/v2\/posts"}],"about":[{"href":"https:\/\/colegioangol.cl\/New\/wp-json\/wp\/v2\/types\/post"}],"author":[{"embeddable":true,"href":"https:\/\/colegioangol.cl\/New\/wp-json\/wp\/v2\/users\/1"}],"replies":[{"embeddable":true,"href":"https:\/\/colegioangol.cl\/New\/wp-json\/wp\/v2\/comments?post=9003"}],"version-history":[{"count":4,"href":"https:\/\/colegioangol.cl\/New\/wp-json\/wp\/v2\/posts\/9003\/revisions"}],"predecessor-version":[{"id":9015,"href":"https:\/\/colegioangol.cl\/New\/wp-json\/wp\/v2\/posts\/9003\/revisions\/9015"}],"wp:featuredmedia":[{"embeddable":true,"href":"https:\/\/colegioangol.cl\/New\/wp-json\/wp\/v2\/media\/9008"}],"wp:attachment":[{"href":"https:\/\/colegioangol.cl\/New\/wp-json\/wp\/v2\/media?parent=9003"}],"wp:term":[{"taxonomy":"category","embeddable":true,"href":"https:\/\/colegioangol.cl\/New\/wp-json\/wp\/v2\/categories?post=9003"},{"taxonomy":"post_tag","embeddable":true,"href":"https:\/\/colegioangol.cl\/New\/wp-json\/wp\/v2\/tags?post=9003"}],"curies":[{"name":"wp","href":"https:\/\/api.w.org\/{rel}","templated":true}]}}