{"id":8765,"date":"2025-08-07T14:15:20","date_gmt":"2025-08-07T14:15:20","guid":{"rendered":"https:\/\/colegioangol.cl\/New\/?p=8765"},"modified":"2025-08-12T14:18:52","modified_gmt":"2025-08-12T14:18:52","slug":"8765-2","status":"publish","type":"post","link":"https:\/\/colegioangol.cl\/New\/8765-2\/","title":{"rendered":"Feria \u201cEl Break de las Emociones\u201d"},"content":{"rendered":"\n[et_pb_section fb_built=\u00bb1&#8243; theme_builder_area=\u00bbpost_content\u00bb _builder_version=\u00bb4.27.4&#8243; _module_preset=\u00bbdefault\u00bb][et_pb_row _builder_version=\u00bb4.27.4&#8243; _module_preset=\u00bbdefault\u00bb theme_builder_area=\u00bbpost_content\u00bb][et_pb_column _builder_version=\u00bb4.27.4&#8243; _module_preset=\u00bbdefault\u00bb type=\u00bb4_4&#8243; theme_builder_area=\u00bbpost_content\u00bb][et_pb_text _builder_version=\u00bb4.27.4&#8243; _module_preset=\u00bbdefault\u00bb theme_builder_area=\u00bbpost_content\u00bb hover_enabled=\u00bb0&#8243; sticky_enabled=\u00bb0&#8243;]<p><span>Con gran entusiasmo, los estudiantes de Primero B\u00e1sico B llevaron a cabo la feria \u2018El Break de las Emociones\u2019, una actividad l\u00fadica y significativa que marc\u00f3 el cierre del m\u00f3dulo de autorregulaci\u00f3n emocional, trabajado durante las clases de Orientaci\u00f3n\/Break.<\/span><\/p>\n<p><span>Durante este proceso, los ni\u00f1os y ni\u00f1as aprendieron a:<\/span><br \/><span>&#8211; Identificar sus emociones<\/span><br \/><span>&#8211; Comprender su origen<\/span><br \/><span>-Desarrollar herramientas para expresarlas y gestionarlas positivamente<\/span><\/p>\n<p><span>La feria fue el espacio ideal para compartir estos aprendizajes con sus compa\u00f1eros, profesores y familias, a trav\u00e9s de diversas estaciones y actividades dise\u00f1adas por ellos mismos.\u00a0<\/span><\/p>\n<p><span>Esta instancia no solo celebr\u00f3 lo trabajado durante el m\u00f3dulo, sino que tambi\u00e9n fortaleci\u00f3:<\/span><br \/><span>\u00a0la empat\u00eda,<\/span><span>el trabajo en equipo, y<\/span><span> la creatividad de los estudiantes, en un ambiente alegre y lleno de color.\u00a0<\/span><\/p>\n<p><span>\u00a1Felicitamos a todos los ni\u00f1os y ni\u00f1as por su participaci\u00f3n y compromiso en este hermoso proyecto!<\/span><\/p>[\/et_pb_text][\/et_pb_column][\/et_pb_row][et_pb_row _builder_version=\u00bb4.27.4&#8243; _module_preset=\u00bbdefault\u00bb theme_builder_area=\u00bbpost_content\u00bb][et_pb_column _builder_version=\u00bb4.27.4&#8243; _module_preset=\u00bbdefault\u00bb type=\u00bb4_4&#8243; theme_builder_area=\u00bbpost_content\u00bb][et_pb_gallery _builder_version=\u00bb4.27.4&#8243; _module_preset=\u00bbdefault\u00bb theme_builder_area=\u00bbpost_content\u00bb gallery_ids=\u00bb8778,8770,8771,8768,8772,8773,8769,8774,8775,8776,8777,8779&#8243; hover_enabled=\u00bb0&#8243; sticky_enabled=\u00bb0&#8243; show_title_and_caption=\u00bboff\u00bb][\/et_pb_gallery][\/et_pb_column][\/et_pb_row][\/et_pb_section]\n","protected":false},"excerpt":{"rendered":"<p>Con gran entusiasmo, los estudiantes de Primero B\u00e1sico B llevaron a cabo la feria \u2018El Break de las Emociones\u2019, una actividad l\u00fadica y significativa que marc\u00f3 el cierre del m\u00f3dulo de autorregulaci\u00f3n emocional, trabajado durante las clases de Orientaci\u00f3n\/Break. Durante este proceso, los ni\u00f1os y ni\u00f1as aprendieron a:- Identificar sus emociones- Comprender su origen-Desarrollar herramientas [&hellip;]<\/p>\n","protected":false},"author":1,"featured_media":8770,"comment_status":"closed","ping_status":"closed","sticky":false,"template":"","format":"standard","meta":{"_et_pb_use_builder":"on","_et_pb_old_content":"","_et_gb_content_width":"","footnotes":""},"categories":[27],"tags":[],"class_list":["post-8765","post","type-post","status-publish","format-standard","has-post-thumbnail","hentry","category-general"],"_links":{"self":[{"href":"https:\/\/colegioangol.cl\/New\/wp-json\/wp\/v2\/posts\/8765","targetHints":{"allow":["GET"]}}],"collection":[{"href":"https:\/\/colegioangol.cl\/New\/wp-json\/wp\/v2\/posts"}],"about":[{"href":"https:\/\/colegioangol.cl\/New\/wp-json\/wp\/v2\/types\/post"}],"author":[{"embeddable":true,"href":"https:\/\/colegioangol.cl\/New\/wp-json\/wp\/v2\/users\/1"}],"replies":[{"embeddable":true,"href":"https:\/\/colegioangol.cl\/New\/wp-json\/wp\/v2\/comments?post=8765"}],"version-history":[{"count":4,"href":"https:\/\/colegioangol.cl\/New\/wp-json\/wp\/v2\/posts\/8765\/revisions"}],"predecessor-version":[{"id":8783,"href":"https:\/\/colegioangol.cl\/New\/wp-json\/wp\/v2\/posts\/8765\/revisions\/8783"}],"wp:featuredmedia":[{"embeddable":true,"href":"https:\/\/colegioangol.cl\/New\/wp-json\/wp\/v2\/media\/8770"}],"wp:attachment":[{"href":"https:\/\/colegioangol.cl\/New\/wp-json\/wp\/v2\/media?parent=8765"}],"wp:term":[{"taxonomy":"category","embeddable":true,"href":"https:\/\/colegioangol.cl\/New\/wp-json\/wp\/v2\/categories?post=8765"},{"taxonomy":"post_tag","embeddable":true,"href":"https:\/\/colegioangol.cl\/New\/wp-json\/wp\/v2\/tags?post=8765"}],"curies":[{"name":"wp","href":"https:\/\/api.w.org\/{rel}","templated":true}]}}