{"id":7576,"date":"2024-12-12T14:48:51","date_gmt":"2024-12-12T14:48:51","guid":{"rendered":"https:\/\/colegioangol.cl\/New\/?p=7576"},"modified":"2024-12-23T14:49:54","modified_gmt":"2024-12-23T14:49:54","slug":"muestra-de-danza-2024","status":"publish","type":"post","link":"https:\/\/colegioangol.cl\/New\/muestra-de-danza-2024\/","title":{"rendered":"Muestra de Danza 2024"},"content":{"rendered":"\n[et_pb_section fb_built=\u00bb1&#8243; theme_builder_area=\u00bbpost_content\u00bb _builder_version=\u00bb4.27.4&#8243; _module_preset=\u00bbdefault\u00bb][et_pb_row _builder_version=\u00bb4.27.4&#8243; _module_preset=\u00bbdefault\u00bb theme_builder_area=\u00bbpost_content\u00bb][et_pb_column _builder_version=\u00bb4.27.4&#8243; _module_preset=\u00bbdefault\u00bb type=\u00bb4_4&#8243; theme_builder_area=\u00bbpost_content\u00bb][et_pb_text _builder_version=\u00bb4.27.4&#8243; _module_preset=\u00bbdefault\u00bb theme_builder_area=\u00bbpost_content\u00bb hover_enabled=\u00bb0&#8243; sticky_enabled=\u00bb0&#8243;]<div class=\"x11i5rnm xat24cr x1mh8g0r x1vvkbs xtlvy1s x126k92a\">\n<div dir=\"auto\">En la Muestra de Danza 2024, nuestros estudiantes de la Academia de Danza dirigida por Tamara Galindo, brindaron un espect\u00e1culo excepcional, lleno de talento y destreza, celebrando la diversidad de los ritmos y las culturas de Am\u00e9rica Latina. A lo largo de la tarde, los espectadores pudieron disfrutar de una muestra vibrante y colorida de diferentes tradiciones danc\u00edsticas.<\/div>\n<\/div>\n<div class=\"x11i5rnm xat24cr x1mh8g0r x1vvkbs xtlvy1s x126k92a\">\n<div dir=\"auto\">El viaje comenz\u00f3 con un baile regional de M\u00e9xico, que captur\u00f3 la esencia de <span class=\"html-span xdj266r x11i5rnm xat24cr x1mh8g0r xexx8yu x4uap5 x18d9i69 xkhd6sd x1hl2dhg x16tdsg8 x1vvkbs\"><a class=\"html-a xdj266r x11i5rnm xat24cr x1mh8g0r xexx8yu x4uap5 x18d9i69 xkhd6sd x1hl2dhg x16tdsg8 x1vvkbs\" tabindex=\"-1\"><\/a><\/span>sus tradiciones populares, seguido por una danza caracter\u00edstica de la zona pac\u00edfica colombiana, que transmiti\u00f3 la alegr\u00eda y el ritmo contagiante de esta regi\u00f3n del pa\u00eds. A continuaci\u00f3n, nuestros bailarines presentaron una danza representativa de los pueblos bolivianos, con sus trajes llenos de colores y movimientos llenos de energ\u00eda.<\/div>\n<\/div>\n<div class=\"x11i5rnm xat24cr x1mh8g0r x1vvkbs xtlvy1s x126k92a\">\n<div dir=\"auto\">La tarde continu\u00f3 con la elegancia de la cueca chilena, una danza tradicional que celebra las ra\u00edces y el esp\u00edritu de Chile, y culmin\u00f3 con la interpretaci\u00f3n del chamam\u00e9, un baile originario de la provincia de Corrientes, en Argentina, que reflej\u00f3 la fusi\u00f3n de culturas y la calidez de esta regi\u00f3n del pa\u00eds.<\/div>\n<\/div>\n<div class=\"x11i5rnm xat24cr x1mh8g0r x1vvkbs xtlvy1s x126k92a\">\n<div dir=\"auto\">Cada presentaci\u00f3n fue un testimonio del esfuerzo, dedicaci\u00f3n y pasi\u00f3n de nuestros estudiantes, quienes lograron transmitir la rica herencia cultural de Am\u00e9rica Latina a trav\u00e9s de su arte.<\/div>\n<\/div>[\/et_pb_text][\/et_pb_column][\/et_pb_row][et_pb_row _builder_version=\u00bb4.27.4&#8243; _module_preset=\u00bbdefault\u00bb theme_builder_area=\u00bbpost_content\u00bb][et_pb_column _builder_version=\u00bb4.27.4&#8243; _module_preset=\u00bbdefault\u00bb type=\u00bb4_4&#8243; theme_builder_area=\u00bbpost_content\u00bb][et_pb_gallery _builder_version=\u00bb4.27.4&#8243; _module_preset=\u00bbdefault\u00bb theme_builder_area=\u00bbpost_content\u00bb gallery_ids=\u00bb7578,7579,7581,7582,7583,7584,7585,7586,7587&#8243; hover_enabled=\u00bb0&#8243; sticky_enabled=\u00bb0&#8243; show_title_and_caption=\u00bboff\u00bb][\/et_pb_gallery][\/et_pb_column][\/et_pb_row][\/et_pb_section]\n","protected":false},"excerpt":{"rendered":"<p>En la Muestra de Danza 2024, nuestros estudiantes de la Academia de Danza dirigida por Tamara Galindo, brindaron un espect\u00e1culo excepcional, lleno de talento y destreza, celebrando la diversidad de los ritmos y las culturas de Am\u00e9rica Latina. A lo largo de la tarde, los espectadores pudieron disfrutar de una muestra vibrante y colorida de [&hellip;]<\/p>\n","protected":false},"author":1,"featured_media":7587,"comment_status":"closed","ping_status":"closed","sticky":false,"template":"","format":"standard","meta":{"_et_pb_use_builder":"on","_et_pb_old_content":"","_et_gb_content_width":"","footnotes":""},"categories":[76,80,27],"tags":[],"class_list":["post-7576","post","type-post","status-publish","format-standard","has-post-thumbnail","hentry","category-academias","category-academias-academias-4","category-general"],"_links":{"self":[{"href":"https:\/\/colegioangol.cl\/New\/wp-json\/wp\/v2\/posts\/7576","targetHints":{"allow":["GET"]}}],"collection":[{"href":"https:\/\/colegioangol.cl\/New\/wp-json\/wp\/v2\/posts"}],"about":[{"href":"https:\/\/colegioangol.cl\/New\/wp-json\/wp\/v2\/types\/post"}],"author":[{"embeddable":true,"href":"https:\/\/colegioangol.cl\/New\/wp-json\/wp\/v2\/users\/1"}],"replies":[{"embeddable":true,"href":"https:\/\/colegioangol.cl\/New\/wp-json\/wp\/v2\/comments?post=7576"}],"version-history":[{"count":4,"href":"https:\/\/colegioangol.cl\/New\/wp-json\/wp\/v2\/posts\/7576\/revisions"}],"predecessor-version":[{"id":7591,"href":"https:\/\/colegioangol.cl\/New\/wp-json\/wp\/v2\/posts\/7576\/revisions\/7591"}],"wp:featuredmedia":[{"embeddable":true,"href":"https:\/\/colegioangol.cl\/New\/wp-json\/wp\/v2\/media\/7587"}],"wp:attachment":[{"href":"https:\/\/colegioangol.cl\/New\/wp-json\/wp\/v2\/media?parent=7576"}],"wp:term":[{"taxonomy":"category","embeddable":true,"href":"https:\/\/colegioangol.cl\/New\/wp-json\/wp\/v2\/categories?post=7576"},{"taxonomy":"post_tag","embeddable":true,"href":"https:\/\/colegioangol.cl\/New\/wp-json\/wp\/v2\/tags?post=7576"}],"curies":[{"name":"wp","href":"https:\/\/api.w.org\/{rel}","templated":true}]}}