{"id":7492,"date":"2024-11-22T17:54:20","date_gmt":"2024-11-22T17:54:20","guid":{"rendered":"https:\/\/colegioangol.cl\/New\/?p=7492"},"modified":"2024-12-03T17:55:49","modified_gmt":"2024-12-03T17:55:49","slug":"cuarta-edicion-de-las-olimpiadas-inclusivas","status":"publish","type":"post","link":"https:\/\/colegioangol.cl\/New\/cuarta-edicion-de-las-olimpiadas-inclusivas\/","title":{"rendered":"Cuarta edici\u00f3n de las Olimpiadas Inclusivas"},"content":{"rendered":"\n[et_pb_section fb_built=\u00bb1&#8243; theme_builder_area=\u00bbpost_content\u00bb _builder_version=\u00bb4.27.4&#8243; _module_preset=\u00bbdefault\u00bb][et_pb_row _builder_version=\u00bb4.27.4&#8243; _module_preset=\u00bbdefault\u00bb theme_builder_area=\u00bbpost_content\u00bb][et_pb_column _builder_version=\u00bb4.27.4&#8243; _module_preset=\u00bbdefault\u00bb type=\u00bb4_4&#8243; theme_builder_area=\u00bbpost_content\u00bb][et_pb_text _builder_version=\u00bb4.27.4&#8243; _module_preset=\u00bbdefault\u00bb theme_builder_area=\u00bbpost_content\u00bb hover_enabled=\u00bb0&#8243; sticky_enabled=\u00bb0&#8243;]<p><span>Cuarta edici\u00f3n de las Olimpiadas Inclusivas <\/span><\/p>\n<div class=\"x11i5rnm xat24cr x1mh8g0r x1vvkbs xtlvy1s x126k92a\">\n<div dir=\"auto\">Durante la semana del 18 al 22 de noviembre, celebramos la Semana de la Inclusi\u00f3n, un evento que reuni\u00f3 a nuestra comunidad educativa, as\u00ed como a otros colegios, con el objetivo de reflexionar y promover la integraci\u00f3n. Dentro de las actividades m\u00e1s esperadas, se llevaron a cabo el pasado jueves 21 las Olimpiadas Inclusivas, un evento que este a\u00f1o cumpli\u00f3 su cuarta edici\u00f3n. Organizado por el equipo multidisciplinario de OP4 de <span class=\"html-span xdj266r x11i5rnm xat24cr x1mh8g0r xexx8yu x4uap5 x18d9i69 xkhd6sd x1hl2dhg x16tdsg8 x1vvkbs\"><a class=\"html-a xdj266r x11i5rnm xat24cr x1mh8g0r xexx8yu x4uap5 x18d9i69 xkhd6sd x1hl2dhg x16tdsg8 x1vvkbs\" tabindex=\"-1\"><\/a><\/span>nuestro colegio, el evento deportivo fue un \u00e9xito rotundo y cont\u00f3 con varias pruebas deportivas.<\/div>\n<\/div>\n<div class=\"x11i5rnm xat24cr x1mh8g0r x1vvkbs xtlvy1s x126k92a\">\n<div dir=\"auto\">Entre las actividades destacadas se incluyeron las carreras de 40 y 50 metros planos, tanto con como sin asistencia, la carrera de posta y, como no pod\u00eda faltar, una animada clase de zumba que hizo que todos se pusieran en movimiento y disfrutaran de la jornada.<\/div>\n<\/div>\n<div class=\"x11i5rnm xat24cr x1mh8g0r x1vvkbs xtlvy1s x126k92a\">\n<div dir=\"auto\">En nuestro colegio somos conscientes de la importancia de generar espacios que fomenten la inclusi\u00f3n, y qu\u00e9 mejor manera de hacerlo que a trav\u00e9s del deporte, una herramienta poderosa para unirnos y fortalecer los lazos entre todos.<\/div>\n<\/div>\n<div class=\"x11i5rnm xat24cr x1mh8g0r x1vvkbs xtlvy1s x126k92a\">\n<div dir=\"auto\">Queremos expresar nuestro agradecimiento a todos quienes asistieron, participaron y contribuyeron a que las Olimpiadas Inclusivas fueran un evento tan exitoso.<\/div>\n<\/div>\n<div class=\"x11i5rnm xat24cr x1mh8g0r x1vvkbs xtlvy1s x126k92a\">\n<div dir=\"auto\">\u00a1Gracias por ser parte de esta experiencia tan significativa para nuestra comunidad!<\/div>\n<\/div>[\/et_pb_text][\/et_pb_column][\/et_pb_row][et_pb_row _builder_version=\u00bb4.27.4&#8243; _module_preset=\u00bbdefault\u00bb theme_builder_area=\u00bbpost_content\u00bb][et_pb_column _builder_version=\u00bb4.27.4&#8243; _module_preset=\u00bbdefault\u00bb type=\u00bb4_4&#8243; theme_builder_area=\u00bbpost_content\u00bb][et_pb_gallery _builder_version=\u00bb4.27.4&#8243; _module_preset=\u00bbdefault\u00bb theme_builder_area=\u00bbpost_content\u00bb gallery_ids=\u00bb7504,7496,7497,7495,7499,7500,7498&#8243; hover_enabled=\u00bb0&#8243; sticky_enabled=\u00bb0&#8243; show_title_and_caption=\u00bboff\u00bb][\/et_pb_gallery][\/et_pb_column][\/et_pb_row][\/et_pb_section]\n","protected":false},"excerpt":{"rendered":"<p>Cuarta edici\u00f3n de las Olimpiadas Inclusivas Durante la semana del 18 al 22 de noviembre, celebramos la Semana de la Inclusi\u00f3n, un evento que reuni\u00f3 a nuestra comunidad educativa, as\u00ed como a otros colegios, con el objetivo de reflexionar y promover la integraci\u00f3n. Dentro de las actividades m\u00e1s esperadas, se llevaron a cabo el pasado [&hellip;]<\/p>\n","protected":false},"author":1,"featured_media":7504,"comment_status":"closed","ping_status":"closed","sticky":false,"template":"","format":"standard","meta":{"_et_pb_use_builder":"on","_et_pb_old_content":"","_et_gb_content_width":"","footnotes":""},"categories":[77,27],"tags":[],"class_list":["post-7492","post","type-post","status-publish","format-standard","has-post-thumbnail","hentry","category-academias-academias","category-general"],"_links":{"self":[{"href":"https:\/\/colegioangol.cl\/New\/wp-json\/wp\/v2\/posts\/7492","targetHints":{"allow":["GET"]}}],"collection":[{"href":"https:\/\/colegioangol.cl\/New\/wp-json\/wp\/v2\/posts"}],"about":[{"href":"https:\/\/colegioangol.cl\/New\/wp-json\/wp\/v2\/types\/post"}],"author":[{"embeddable":true,"href":"https:\/\/colegioangol.cl\/New\/wp-json\/wp\/v2\/users\/1"}],"replies":[{"embeddable":true,"href":"https:\/\/colegioangol.cl\/New\/wp-json\/wp\/v2\/comments?post=7492"}],"version-history":[{"count":4,"href":"https:\/\/colegioangol.cl\/New\/wp-json\/wp\/v2\/posts\/7492\/revisions"}],"predecessor-version":[{"id":7507,"href":"https:\/\/colegioangol.cl\/New\/wp-json\/wp\/v2\/posts\/7492\/revisions\/7507"}],"wp:featuredmedia":[{"embeddable":true,"href":"https:\/\/colegioangol.cl\/New\/wp-json\/wp\/v2\/media\/7504"}],"wp:attachment":[{"href":"https:\/\/colegioangol.cl\/New\/wp-json\/wp\/v2\/media?parent=7492"}],"wp:term":[{"taxonomy":"category","embeddable":true,"href":"https:\/\/colegioangol.cl\/New\/wp-json\/wp\/v2\/categories?post=7492"},{"taxonomy":"post_tag","embeddable":true,"href":"https:\/\/colegioangol.cl\/New\/wp-json\/wp\/v2\/tags?post=7492"}],"curies":[{"name":"wp","href":"https:\/\/api.w.org\/{rel}","templated":true}]}}