{"id":6208,"date":"2024-05-30T18:38:22","date_gmt":"2024-05-30T18:38:22","guid":{"rendered":"https:\/\/colegioangol.cl\/New\/?p=6208"},"modified":"2024-06-04T18:40:37","modified_gmt":"2024-06-04T18:40:37","slug":"6208-2","status":"publish","type":"post","link":"https:\/\/colegioangol.cl\/New\/6208-2\/","title":{"rendered":"Juramento y desfile de Brigadistas Escolares Integrales"},"content":{"rendered":"\n[et_pb_section fb_built=\u00bb1&#8243; theme_builder_area=\u00bbpost_content\u00bb _builder_version=\u00bb4.25.1&#8243; _module_preset=\u00bbdefault\u00bb][et_pb_row _builder_version=\u00bb4.25.1&#8243; _module_preset=\u00bbdefault\u00bb theme_builder_area=\u00bbpost_content\u00bb][et_pb_column _builder_version=\u00bb4.25.1&#8243; _module_preset=\u00bbdefault\u00bb type=\u00bb4_4&#8243; theme_builder_area=\u00bbpost_content\u00bb][et_pb_text _builder_version=\u00bb4.25.1&#8243; _module_preset=\u00bbdefault\u00bb theme_builder_area=\u00bbpost_content\u00bb hover_enabled=\u00bb0&#8243; sticky_enabled=\u00bb0&#8243;]<div class=\"xdj266r x11i5rnm xat24cr x1mh8g0r x1vvkbs x126k92a\">\n<div dir=\"auto\">Juramento y desfile de Brigadistas Escolares Integrales.<\/div>\n<div dir=\"auto\"><\/div>\n<\/div>\n<div class=\"x11i5rnm xat24cr x1mh8g0r x1vvkbs xtlvy1s x126k92a\">\n<div dir=\"auto\">En 1958 la Instituci\u00f3n de Carabineros de Chile, asumi\u00f3 de manera ininterrumpida la prevenci\u00f3n y educaci\u00f3n en materia de seguridad vial.<\/div>\n<div dir=\"auto\">Dando origen a las Brigadas Escolares, compuestas por estudiantes y coordinados por un profesor del establecimiento, quienes ten\u00edan como objetivo principal evitar posibles accidentes de tr\u00e1nsito.<\/div>\n<\/div>\n<div class=\"x11i5rnm xat24cr x1mh8g0r x1vvkbs xtlvy1s x126k92a\">\n<div dir=\"auto\"><span class=\"html-span xdj266r x11i5rnm xat24cr x1mh8g0r xexx8yu x4uap5 x18d9i69 xkhd6sd x1hl2dhg x16tdsg8 x1vvkbs\"><a tabindex=\"-1\"><\/a><\/span>Luego <span class=\"html-span xexx8yu x4uap5 x18d9i69 xkhd6sd x1hl2dhg x16tdsg8 x1vvkbs x3nfvp2 x1j61x8r x1fcty0u xdj266r xat24cr xgzva0m xhhsvwb xxymvpz xlup9mm x1kky2od\"><img decoding=\"async\" height=\"16\" width=\"16\" alt=\"\ud83d\udc49\ud83c\udffb\" class=\"xz74otr\" referrerpolicy=\"origin-when-cross-origin\" src=\"https:\/\/static.xx.fbcdn.net\/images\/emoji.php\/v9\/tc\/1\/16\/1f449_1f3fb.png\" \/><\/span>durante el 2013 Carabineros de Chile en conjunto con el Ministerio de Educaci\u00f3n, retom\u00f3 este proyecto desde una mirada m\u00e1s integral del brigadista, considerando que actualmente existen nuevos temas desde los cuales se puede aportar a la comunidad, tales como: la convivencia escolar, cuidado del medio ambiente y la vida saludable<\/div>\n<div dir=\"auto\"><\/div>\n<\/div>\n<div class=\"x11i5rnm xat24cr x1mh8g0r x1vvkbs xtlvy1s x126k92a\">\n<div dir=\"auto\">Es por esto que hoy y bajo el marco del \u00bb D\u00eda Nacional del Brigadista Escolar Integral\u00bb, 24 de nuestros estudiantes juraron como Brigadistas Escolares, estando a cargo de contribuir la formaci\u00f3n de futuros ciudadanos con responsabilidad social.<\/div>\n<\/div>[\/et_pb_text][\/et_pb_column][\/et_pb_row][et_pb_row _builder_version=\u00bb4.25.1&#8243; _module_preset=\u00bbdefault\u00bb theme_builder_area=\u00bbpost_content\u00bb][et_pb_column _builder_version=\u00bb4.25.1&#8243; _module_preset=\u00bbdefault\u00bb type=\u00bb4_4&#8243; theme_builder_area=\u00bbpost_content\u00bb][et_pb_gallery _builder_version=\u00bb4.25.1&#8243; _module_preset=\u00bbdefault\u00bb theme_builder_area=\u00bbpost_content\u00bb gallery_ids=\u00bb6218,6217,6226,6215,6212,6213,6214,6220,6221,6222,6223,6224,6227,6228,6229,6230,6231&#8243; hover_enabled=\u00bb0&#8243; sticky_enabled=\u00bb0&#8243; show_title_and_caption=\u00bboff\u00bb][\/et_pb_gallery][\/et_pb_column][\/et_pb_row][\/et_pb_section]\n","protected":false},"excerpt":{"rendered":"<p>Juramento y desfile de Brigadistas Escolares Integrales. En 1958 la Instituci\u00f3n de Carabineros de Chile, asumi\u00f3 de manera ininterrumpida la prevenci\u00f3n y educaci\u00f3n en materia de seguridad vial. Dando origen a las Brigadas Escolares, compuestas por estudiantes y coordinados por un profesor del establecimiento, quienes ten\u00edan como objetivo principal evitar posibles accidentes de tr\u00e1nsito. Luego [&hellip;]<\/p>\n","protected":false},"author":1,"featured_media":6234,"comment_status":"closed","ping_status":"closed","sticky":false,"template":"","format":"standard","meta":{"_et_pb_use_builder":"on","_et_pb_old_content":"","_et_gb_content_width":"","footnotes":""},"categories":[27],"tags":[],"class_list":["post-6208","post","type-post","status-publish","format-standard","has-post-thumbnail","hentry","category-general"],"_links":{"self":[{"href":"https:\/\/colegioangol.cl\/New\/wp-json\/wp\/v2\/posts\/6208","targetHints":{"allow":["GET"]}}],"collection":[{"href":"https:\/\/colegioangol.cl\/New\/wp-json\/wp\/v2\/posts"}],"about":[{"href":"https:\/\/colegioangol.cl\/New\/wp-json\/wp\/v2\/types\/post"}],"author":[{"embeddable":true,"href":"https:\/\/colegioangol.cl\/New\/wp-json\/wp\/v2\/users\/1"}],"replies":[{"embeddable":true,"href":"https:\/\/colegioangol.cl\/New\/wp-json\/wp\/v2\/comments?post=6208"}],"version-history":[{"count":5,"href":"https:\/\/colegioangol.cl\/New\/wp-json\/wp\/v2\/posts\/6208\/revisions"}],"predecessor-version":[{"id":6237,"href":"https:\/\/colegioangol.cl\/New\/wp-json\/wp\/v2\/posts\/6208\/revisions\/6237"}],"wp:featuredmedia":[{"embeddable":true,"href":"https:\/\/colegioangol.cl\/New\/wp-json\/wp\/v2\/media\/6234"}],"wp:attachment":[{"href":"https:\/\/colegioangol.cl\/New\/wp-json\/wp\/v2\/media?parent=6208"}],"wp:term":[{"taxonomy":"category","embeddable":true,"href":"https:\/\/colegioangol.cl\/New\/wp-json\/wp\/v2\/categories?post=6208"},{"taxonomy":"post_tag","embeddable":true,"href":"https:\/\/colegioangol.cl\/New\/wp-json\/wp\/v2\/tags?post=6208"}],"curies":[{"name":"wp","href":"https:\/\/api.w.org\/{rel}","templated":true}]}}