{"id":6189,"date":"2024-06-03T17:43:45","date_gmt":"2024-06-03T17:43:45","guid":{"rendered":"https:\/\/colegioangol.cl\/New\/?p=6189"},"modified":"2024-06-04T17:45:07","modified_gmt":"2024-06-04T17:45:07","slug":"6189-2","status":"publish","type":"post","link":"https:\/\/colegioangol.cl\/New\/6189-2\/","title":{"rendered":"Acto c\u00edvico pre k\u00ednder A"},"content":{"rendered":"\n[et_pb_section fb_built=\u00bb1&#8243; theme_builder_area=\u00bbpost_content\u00bb _builder_version=\u00bb4.25.1&#8243; _module_preset=\u00bbdefault\u00bb][et_pb_row _builder_version=\u00bb4.25.1&#8243; _module_preset=\u00bbdefault\u00bb theme_builder_area=\u00bbpost_content\u00bb][et_pb_column _builder_version=\u00bb4.25.1&#8243; _module_preset=\u00bbdefault\u00bb type=\u00bb4_4&#8243; theme_builder_area=\u00bbpost_content\u00bb][et_pb_text _builder_version=\u00bb4.25.1&#8243; _module_preset=\u00bbdefault\u00bb theme_builder_area=\u00bbpost_content\u00bb hover_enabled=\u00bb0&#8243; sticky_enabled=\u00bb0&#8243;]<div class=\"xdj266r x11i5rnm xat24cr x1mh8g0r x1vvkbs x126k92a\">\n<div dir=\"auto\">cto c\u00edvico pre k\u00ednder B en conmemoraci\u00f3n del D\u00eda del Medio Ambiente.<\/div>\n<div dir=\"auto\"><\/div>\n<\/div>\n<div class=\"x11i5rnm xat24cr x1mh8g0r x1vvkbs xtlvy1s x126k92a\">\n<div dir=\"auto\">Agradecemos a la familia \u00c1lvarez Parada, quienes en este acto dieron a conocer como desde su hogar practican la estrategia de los \u00abEcoladrillos\u00bb, trat\u00e1ndose de una botella pl\u00e1stica, rellenada de otros desechos pl\u00e1sticos y que gracias a sus propiedades aislantes, pueden ser utilizados en construcciones ecol\u00f3gicas.<\/div>\n<div dir=\"auto\"><\/div>\n<\/div>\n<div class=\"x11i5rnm xat24cr x1mh8g0r x1vvkbs xtlvy1s x126k92a\">\n<div dir=\"auto\">Cabe mencionar que la educaci\u00f3n ambiental y la pr\u00e1ctica del reciclaje son <span class=\"html-span xdj266r x11i5rnm xat24cr x1mh8g0r xexx8yu x4uap5 x18d9i69 xkhd6sd x1hl2dhg x16tdsg8 x1vvkbs\"><a tabindex=\"-1\"><\/a><\/span>herramientas valiosas para formar una generaci\u00f3n consciente del medio ambiente. Estos h\u00e1bitos, cuando se inculcan desde una edad temprana, pueden ayudar a nuestros ni\u00f1os a convertirse en adultos responsables que sean conscientes de la importancia de proteger nuestro planeta.<\/div>\n<div dir=\"auto\"><\/div>\n<\/div>\n<div class=\"x11i5rnm xat24cr x1mh8g0r x1vvkbs xtlvy1s x126k92a\">\n<div dir=\"auto\">Felicitamos a nuestros ni\u00f1os y apoderados.<\/div>\n<\/div>[\/et_pb_text][\/et_pb_column][\/et_pb_row][et_pb_row _builder_version=\u00bb4.25.1&#8243; _module_preset=\u00bbdefault\u00bb theme_builder_area=\u00bbpost_content\u00bb][et_pb_column _builder_version=\u00bb4.25.1&#8243; _module_preset=\u00bbdefault\u00bb type=\u00bb4_4&#8243; theme_builder_area=\u00bbpost_content\u00bb][et_pb_gallery _builder_version=\u00bb4.25.1&#8243; _module_preset=\u00bbdefault\u00bb theme_builder_area=\u00bbpost_content\u00bb gallery_ids=\u00bb6204,6195,6191,6192,6193,6201,6194,6197,6198,6199,6200,6202,6203&#8243; show_title_and_caption=\u00bboff\u00bb show_pagination=\u00bboff\u00bb hover_enabled=\u00bb0&#8243; sticky_enabled=\u00bb0&#8243;][\/et_pb_gallery][\/et_pb_column][\/et_pb_row][\/et_pb_section]\n","protected":false},"excerpt":{"rendered":"<p>cto c\u00edvico pre k\u00ednder B en conmemoraci\u00f3n del D\u00eda del Medio Ambiente. Agradecemos a la familia \u00c1lvarez Parada, quienes en este acto dieron a conocer como desde su hogar practican la estrategia de los \u00abEcoladrillos\u00bb, trat\u00e1ndose de una botella pl\u00e1stica, rellenada de otros desechos pl\u00e1sticos y que gracias a sus propiedades aislantes, pueden ser utilizados [&hellip;]<\/p>\n","protected":false},"author":1,"featured_media":6204,"comment_status":"closed","ping_status":"closed","sticky":false,"template":"","format":"standard","meta":{"_et_pb_use_builder":"on","_et_pb_old_content":"","_et_gb_content_width":"","footnotes":""},"categories":[27],"tags":[],"class_list":["post-6189","post","type-post","status-publish","format-standard","has-post-thumbnail","hentry","category-general"],"_links":{"self":[{"href":"https:\/\/colegioangol.cl\/New\/wp-json\/wp\/v2\/posts\/6189","targetHints":{"allow":["GET"]}}],"collection":[{"href":"https:\/\/colegioangol.cl\/New\/wp-json\/wp\/v2\/posts"}],"about":[{"href":"https:\/\/colegioangol.cl\/New\/wp-json\/wp\/v2\/types\/post"}],"author":[{"embeddable":true,"href":"https:\/\/colegioangol.cl\/New\/wp-json\/wp\/v2\/users\/1"}],"replies":[{"embeddable":true,"href":"https:\/\/colegioangol.cl\/New\/wp-json\/wp\/v2\/comments?post=6189"}],"version-history":[{"count":4,"href":"https:\/\/colegioangol.cl\/New\/wp-json\/wp\/v2\/posts\/6189\/revisions"}],"predecessor-version":[{"id":6207,"href":"https:\/\/colegioangol.cl\/New\/wp-json\/wp\/v2\/posts\/6189\/revisions\/6207"}],"wp:featuredmedia":[{"embeddable":true,"href":"https:\/\/colegioangol.cl\/New\/wp-json\/wp\/v2\/media\/6204"}],"wp:attachment":[{"href":"https:\/\/colegioangol.cl\/New\/wp-json\/wp\/v2\/media?parent=6189"}],"wp:term":[{"taxonomy":"category","embeddable":true,"href":"https:\/\/colegioangol.cl\/New\/wp-json\/wp\/v2\/categories?post=6189"},{"taxonomy":"post_tag","embeddable":true,"href":"https:\/\/colegioangol.cl\/New\/wp-json\/wp\/v2\/tags?post=6189"}],"curies":[{"name":"wp","href":"https:\/\/api.w.org\/{rel}","templated":true}]}}