{"id":5285,"date":"2023-10-18T19:03:08","date_gmt":"2023-10-18T19:03:08","guid":{"rendered":"https:\/\/colegioangol.cl\/New\/?p=5285"},"modified":"2024-03-12T15:37:44","modified_gmt":"2024-03-12T15:37:44","slug":"5285-2","status":"publish","type":"post","link":"https:\/\/colegioangol.cl\/New\/5285-2\/","title":{"rendered":"Feria Cient\u00edfica"},"content":{"rendered":"<p>[et_pb_section fb_built=\u00bb1&#8243; theme_builder_area=\u00bbpost_content\u00bb _builder_version=\u00bb4.23&#8243; _module_preset=\u00bbdefault\u00bb][et_pb_row _builder_version=\u00bb4.23&#8243; _module_preset=\u00bbdefault\u00bb theme_builder_area=\u00bbpost_content\u00bb][et_pb_column _builder_version=\u00bb4.23&#8243; _module_preset=\u00bbdefault\u00bb type=\u00bb4_4&#8243; theme_builder_area=\u00bbpost_content\u00bb][et_pb_text _builder_version=\u00bb4.23&#8243; _module_preset=\u00bbdefault\u00bb theme_builder_area=\u00bbpost_content\u00bb hover_enabled=\u00bb0&#8243; sticky_enabled=\u00bb0&#8243;]<\/p>\n<div class=\"xdj266r x11i5rnm xat24cr x1mh8g0r x1vvkbs x126k92a\">\n<div dir=\"auto\">Feria Cient\u00edfica 2023\u00a0<\/div>\n<div dir=\"auto\"><\/div>\n<\/div>\n<div class=\"x11i5rnm xat24cr x1mh8g0r x1vvkbs xtlvy1s x126k92a\">\n<div dir=\"auto\">Se realiz\u00f3 una nueva versi\u00f3n de La Feria Cient\u00edfica organizada por el Departamento de Ciencias y Matem\u00e1ticas de nuestro colegio, donde participaron estudiantes de pre- k\u00ednder a 2do medio demostrando toda su creatividad, ingenio y habilidades cient\u00edficas, presentando trabajos de gran nivel enriqueciendo as\u00ed el proceso de formaci\u00f3n escolar y personal adem\u00e1s de reforzar su inter\u00e9s en la ciencia.<\/div>\n<div dir=\"auto\">Dichos trabajos fueron presentados <span><a tabindex=\"-1\"><\/a><\/span>entre sus pares ayudando a resolver interrogantes tales como :<\/div>\n<div dir=\"auto\">\u00bf Por qu\u00e9 la luz blanca se divide en diferentes colores ?<\/div>\n<div dir=\"auto\">\u00bf C\u00f3mo influye el relieve en la comuna de Angol ?<\/div>\n<div dir=\"auto\">\u00bf Qu\u00e9 les pasa a los pulmones si fumas ? (entre otros)<\/div>\n<div dir=\"auto\"><\/div>\n<\/div>\n<div class=\"x11i5rnm xat24cr x1mh8g0r x1vvkbs xtlvy1s x126k92a\">\n<div dir=\"auto\">Quien es una de las organizadoras del evento y monitora de biolog\u00eda, Elsa Cisterna nos comenta: \u00a8El objetivo de esta Feria es abrir los laboratorios a los alumnos, que dejen de mirarlos como espacios donde ellos no pueden a acceder o que sientan que no tienen la capacidad de realizar un experimento. La idea es que los alumnos aprendan llevando a la pr\u00e1ctica, que las interrogantes salgan de ellos y que nosotros como profesores solo los guiemos en ese aprendizaje\u00bb.<\/div>\n<\/div>\n<div class=\"x11i5rnm xat24cr x1mh8g0r x1vvkbs xtlvy1s x126k92a\">\n<div dir=\"auto\">No olvidemos que la ense\u00f1anza de las ciencias favorece en ni\u00f1os y j\u00f3venes el desarrollo de sus capacidades de observaci\u00f3n, an\u00e1lisis, razonamiento, comunicaci\u00f3n y abstracci\u00f3n; permite que piensen y elaboren su pensamiento de manera aut\u00f3noma.<\/div>\n<div dir=\"auto\"><\/div>\n<\/div>\n<div class=\"x11i5rnm xat24cr x1mh8g0r x1vvkbs xtlvy1s x126k92a\">\n<div dir=\"auto\">\u00a1 Agradecemos a todos quienes fueron participes de esta Feria Cient\u00edfica 2023!<\/div>\n<\/div>\n<p>[\/et_pb_text][\/et_pb_column][\/et_pb_row][et_pb_row _builder_version=\u00bb4.23&#8243; _module_preset=\u00bbdefault\u00bb theme_builder_area=\u00bbpost_content\u00bb][et_pb_column _builder_version=\u00bb4.23&#8243; _module_preset=\u00bbdefault\u00bb type=\u00bb4_4&#8243; theme_builder_area=\u00bbpost_content\u00bb][et_pb_gallery _builder_version=\u00bb4.23&#8243; _module_preset=\u00bbdefault\u00bb theme_builder_area=\u00bbpost_content\u00bb gallery_ids=\u00bb5284,5279,5283,5276,5277,5282,5281,5278&#8243; hover_enabled=\u00bb0&#8243; sticky_enabled=\u00bb0&#8243; show_title_and_caption=\u00bboff\u00bb][\/et_pb_gallery][\/et_pb_column][\/et_pb_row][\/et_pb_section]<\/p>\n","protected":false},"excerpt":{"rendered":"<p>Feria Cient\u00edfica 2023\u00a0 Se realiz\u00f3 una nueva versi\u00f3n de La Feria Cient\u00edfica organizada por el Departamento de Ciencias y Matem\u00e1ticas de nuestro colegio, donde participaron estudiantes de pre- k\u00ednder a 2do medio demostrando toda su creatividad, ingenio y habilidades cient\u00edficas, presentando trabajos de gran nivel enriqueciendo as\u00ed el proceso de formaci\u00f3n escolar y personal adem\u00e1s [&hellip;]<\/p>\n","protected":false},"author":1,"featured_media":5280,"comment_status":"closed","ping_status":"closed","sticky":false,"template":"","format":"standard","meta":{"_et_pb_use_builder":"on","_et_pb_old_content":"","_et_gb_content_width":"","footnotes":""},"categories":[27],"tags":[],"class_list":["post-5285","post","type-post","status-publish","format-standard","has-post-thumbnail","hentry","category-general"],"_links":{"self":[{"href":"https:\/\/colegioangol.cl\/New\/wp-json\/wp\/v2\/posts\/5285","targetHints":{"allow":["GET"]}}],"collection":[{"href":"https:\/\/colegioangol.cl\/New\/wp-json\/wp\/v2\/posts"}],"about":[{"href":"https:\/\/colegioangol.cl\/New\/wp-json\/wp\/v2\/types\/post"}],"author":[{"embeddable":true,"href":"https:\/\/colegioangol.cl\/New\/wp-json\/wp\/v2\/users\/1"}],"replies":[{"embeddable":true,"href":"https:\/\/colegioangol.cl\/New\/wp-json\/wp\/v2\/comments?post=5285"}],"version-history":[{"count":4,"href":"https:\/\/colegioangol.cl\/New\/wp-json\/wp\/v2\/posts\/5285\/revisions"}],"predecessor-version":[{"id":5488,"href":"https:\/\/colegioangol.cl\/New\/wp-json\/wp\/v2\/posts\/5285\/revisions\/5488"}],"wp:featuredmedia":[{"embeddable":true,"href":"https:\/\/colegioangol.cl\/New\/wp-json\/wp\/v2\/media\/5280"}],"wp:attachment":[{"href":"https:\/\/colegioangol.cl\/New\/wp-json\/wp\/v2\/media?parent=5285"}],"wp:term":[{"taxonomy":"category","embeddable":true,"href":"https:\/\/colegioangol.cl\/New\/wp-json\/wp\/v2\/categories?post=5285"},{"taxonomy":"post_tag","embeddable":true,"href":"https:\/\/colegioangol.cl\/New\/wp-json\/wp\/v2\/tags?post=5285"}],"curies":[{"name":"wp","href":"https:\/\/api.w.org\/{rel}","templated":true}]}}