{"id":5198,"date":"2023-09-28T18:16:56","date_gmt":"2023-09-28T18:16:56","guid":{"rendered":"https:\/\/colegioangol.cl\/New\/?p=5198"},"modified":"2023-09-28T18:21:04","modified_gmt":"2023-09-28T18:21:04","slug":"intercambio-de-semillas-y-plantas-medicinales","status":"publish","type":"post","link":"https:\/\/colegioangol.cl\/New\/intercambio-de-semillas-y-plantas-medicinales\/","title":{"rendered":"Intercambio de semillas y plantas medicinales"},"content":{"rendered":"\n\n\n[et_pb_section fb_built=\u00bb1&#8243; _builder_version=\u00bb4.22.2&#8243; _module_preset=\u00bbdefault\u00bb global_colors_info=\u00bb{}\u00bb][et_pb_row _builder_version=\u00bb4.22.2&#8243; _module_preset=\u00bbdefault\u00bb][et_pb_column _builder_version=\u00bb4.22.2&#8243; _module_preset=\u00bbdefault\u00bb type=\u00bb4_4&#8243;][et_pb_image src=\u00bbhttps:\/\/colegioangol.cl\/New\/wp-content\/uploads\/2023\/09\/383992588_830696545722698_1849498542522466639_n.jpg\u00bb _builder_version=\u00bb4.22.2&#8243; _module_preset=\u00bbdefault\u00bb title_text=\u00bb383992588_830696545722698_1849498542522466639_n\u00bb hover_enabled=\u00bb0&#8243; sticky_enabled=\u00bb0&#8243;][\/et_pb_image][et_pb_text _builder_version=\u00bb4.22.2&#8243; _module_preset=\u00bbdefault\u00bb hover_enabled=\u00bb0&#8243; sticky_enabled=\u00bb0&#8243;]<p><span>Alumnos de Opci\u00f3n 4, dan la bienvenida a la primavera con la actividad \u201cIntercambio de semillas y plantas medicinales\u201d, organizada por el Programa para la Sustentabilidad y Resiliencia del Cesfam Piedra del \u00c1guila, que tiene como objetivo el intercambio de semillas entre la comunidad, generar conciencia ambiental y hacer que esta acci\u00f3n siga perdurando por nuevas generaciones.<\/span><\/p>\n<p><span>As\u00ed fue, que nuestros estudiantes mostraron el trabajo que realizan en los talleres de reciclado de papel y taller de yeser\u00eda, dando a conocer su talento en la creaci\u00f3n de maseteros y sobres donde depositaron diferentes tipos de semillas haciendo el conjunto perfecto para realizar el intercambio con quienes tambi\u00e9n asistieron al evento como comunidades mapuches, juntas de vecinos, establecimientos de salud y educativos.<\/span><\/p>\n<p><span>Adem\u00e1s, Viviana Soto, directora del Cesfam Piedra del \u00c1guila y quien adem\u00e1s es una de las impulsoras de esta iniciativa nos comenta: \u201cEstamos muy contentos de compartir con los alumnos del Colegio Angol, que est\u00e9n presentando todo sus trabajos, iniciativa y motivaci\u00f3n y por apoyar el gran desaf\u00edo que tenemos como sociedad sobre el cambio clim\u00e1tico, reciclaje y el ser m\u00e1s consientes con nuestro medio ambiente\u201d.<\/span><\/p>\n<p><span>M\u00e1s im\u00e1genes en nuestra p\u00e1gina de Facebook Colegio Angol\u00a0<\/span><\/p>\n<p><a class=\"x1i10hfl xjbqb8w x6umtig x1b1mbwd xaqea5y xav7gou x9f619 x1ypdohk xt0psk2 xe8uvvx xdj266r x11i5rnm xat24cr x1mh8g0r xexx8yu x4uap5 x18d9i69 xkhd6sd x16tdsg8 x1hl2dhg xggy1nq x1a2a7pz notranslate _a6hd\" href=\"https:\/\/www.instagram.com\/la.yeseria.op4\/\" role=\"link\" tabindex=\"0\">@la.yeseria.op4<\/a><\/p>[\/et_pb_text][\/et_pb_column][\/et_pb_row][et_pb_row _builder_version=\u00bb4.22.2&#8243; _module_preset=\u00bbdefault\u00bb][et_pb_column _builder_version=\u00bb4.22.2&#8243; _module_preset=\u00bbdefault\u00bb type=\u00bb4_4&#8243;][et_pb_gallery _builder_version=\u00bb4.22.2&#8243; _module_preset=\u00bbdefault\u00bb gallery_ids=\u00bb5189,5190,5191,5192,5193,5194,5195&#8243; hover_enabled=\u00bb0&#8243; sticky_enabled=\u00bb0&#8243; show_title_and_caption=\u00bboff\u00bb show_pagination=\u00bboff\u00bb][\/et_pb_gallery][\/et_pb_column][\/et_pb_row][\/et_pb_section]\n\n\n","protected":false},"excerpt":{"rendered":"<p>Alumnos de Opci\u00f3n 4, dan la bienvenida a la primavera con la actividad \u201cIntercambio de semillas y plantas medicinales\u201d, organizada por el Programa para la Sustentabilidad y Resiliencia del Cesfam Piedra del \u00c1guila, que tiene como objetivo el intercambio de semillas entre la comunidad, generar conciencia ambiental y hacer que esta acci\u00f3n siga perdurando por [&hellip;]<\/p>\n","protected":false},"author":1,"featured_media":5188,"comment_status":"closed","ping_status":"closed","sticky":false,"template":"","format":"standard","meta":{"_et_pb_use_builder":"on","_et_pb_old_content":"","_et_gb_content_width":"","footnotes":""},"categories":[27],"tags":[],"class_list":["post-5198","post","type-post","status-publish","format-standard","has-post-thumbnail","hentry","category-general"],"_links":{"self":[{"href":"https:\/\/colegioangol.cl\/New\/wp-json\/wp\/v2\/posts\/5198","targetHints":{"allow":["GET"]}}],"collection":[{"href":"https:\/\/colegioangol.cl\/New\/wp-json\/wp\/v2\/posts"}],"about":[{"href":"https:\/\/colegioangol.cl\/New\/wp-json\/wp\/v2\/types\/post"}],"author":[{"embeddable":true,"href":"https:\/\/colegioangol.cl\/New\/wp-json\/wp\/v2\/users\/1"}],"replies":[{"embeddable":true,"href":"https:\/\/colegioangol.cl\/New\/wp-json\/wp\/v2\/comments?post=5198"}],"version-history":[{"count":5,"href":"https:\/\/colegioangol.cl\/New\/wp-json\/wp\/v2\/posts\/5198\/revisions"}],"predecessor-version":[{"id":5205,"href":"https:\/\/colegioangol.cl\/New\/wp-json\/wp\/v2\/posts\/5198\/revisions\/5205"}],"wp:featuredmedia":[{"embeddable":true,"href":"https:\/\/colegioangol.cl\/New\/wp-json\/wp\/v2\/media\/5188"}],"wp:attachment":[{"href":"https:\/\/colegioangol.cl\/New\/wp-json\/wp\/v2\/media?parent=5198"}],"wp:term":[{"taxonomy":"category","embeddable":true,"href":"https:\/\/colegioangol.cl\/New\/wp-json\/wp\/v2\/categories?post=5198"},{"taxonomy":"post_tag","embeddable":true,"href":"https:\/\/colegioangol.cl\/New\/wp-json\/wp\/v2\/tags?post=5198"}],"curies":[{"name":"wp","href":"https:\/\/api.w.org\/{rel}","templated":true}]}}